{"id":769,"date":"2018-08-20T11:25:39","date_gmt":"2018-08-20T18:25:39","guid":{"rendered":"https:\/\/colleges.claremont.edu\/mediastudies\/?p=769"},"modified":"2018-08-20T11:25:39","modified_gmt":"2018-08-20T18:25:39","slug":"span-140-sc-the-spanish-transition-through-the-lens-of-pedro-almodovar","status":"publish","type":"post","link":"https:\/\/colleges.claremont.edu\/mediastudies\/span-140-sc-the-spanish-transition-through-the-lens-of-pedro-almodovar\/","title":{"rendered":"SPAN 140 SC: The Spanish Transition through the Lens of Pedro Almod\u00f3var"},"content":{"rendered":"<div class=\"content\">\n<p>Pedro Almod\u00f3var is one of the most recognizable auteur directors in Europe today. This course studies Pedro Almod\u00f3var\u2019s development from his directorial debut to the present, from the \u201cshocking\u201d value of the early films to the award-winning mastery of the later ones. Instructor: C. Sanju\u00e1n-Pastor. Prereqs: SPAN 40 and 101. Course is taught in Spanish. <strong>[Elective]<\/strong><\/p>\n<\/div>\n","protected":false},"excerpt":{"rendered":"<p>Pedro Almod\u00f3var is one of the most recognizable auteur directors in Europe today. This course studies Pedro Almod\u00f3var\u2019s development from his directorial debut to the present, from the \u201cshocking\u201d value of the early films to the award-winning mastery of the later ones. Instructor: C. Sanju\u00e1n-Pastor. Prereqs: SPAN 40 and 101. Course is taught in Spanish. [&hellip;]<\/p>\n","protected":false},"author":47,"featured_media":0,"comment_status":"closed","ping_status":"closed","sticky":false,"template":"","format":"standard","meta":{"_acf_changed":false,"_price":"","_stock":"","_tribe_ticket_header":"","_tribe_default_ticket_provider":"","_tribe_ticket_capacity":"0","_ticket_start_date":"","_ticket_end_date":"","_tribe_ticket_show_description":"","_tribe_ticket_show_not_going":false,"_tribe_ticket_use_global_stock":"","_tribe_ticket_global_stock_level":"","_global_stock_mode":"","_global_stock_cap":"","_tribe_rsvp_for_event":"","_tribe_ticket_going_count":"","_tribe_ticket_not_going_count":"","_tribe_tickets_list":"[]","_tribe_ticket_has_attendee_info_fields":false,"footnotes":""},"categories":[16],"tags":[8],"class_list":["post-769","post","type-post","status-publish","format-standard","hentry","category-elective","tag-sc"],"acf":[],"yoast_head":"<!-- This site is optimized with the Yoast SEO plugin v27.2 - https:\/\/yoast.com\/product\/yoast-seo-wordpress\/ -->\n<title>SPAN 140 SC: The Spanish Transition through the Lens of Pedro Almod\u00f3var - Media Studies<\/title>\n<meta name=\"robots\" content=\"index, follow, max-snippet:-1, max-image-preview:large, max-video-preview:-1\" \/>\n<link rel=\"canonical\" href=\"https:\/\/colleges.claremont.edu\/mediastudies\/span-140-sc-the-spanish-transition-through-the-lens-of-pedro-almodovar\/\" \/>\n<meta property=\"og:locale\" content=\"en_US\" \/>\n<meta property=\"og:type\" content=\"article\" \/>\n<meta property=\"og:title\" content=\"SPAN 140 SC: The Spanish Transition through the Lens of Pedro Almod\u00f3var - Media Studies\" \/>\n<meta property=\"og:description\" content=\"Pedro Almod\u00f3var is one of the most recognizable auteur directors in Europe today. This course studies Pedro Almod\u00f3var\u2019s development from his directorial debut to the present, from the \u201cshocking\u201d value of the early films to the award-winning mastery of the later ones. Instructor: C. Sanju\u00e1n-Pastor. Prereqs: SPAN 40 and 101. Course is taught in Spanish. [&hellip;]\" \/>\n<meta property=\"og:url\" content=\"https:\/\/colleges.claremont.edu\/mediastudies\/span-140-sc-the-spanish-transition-through-the-lens-of-pedro-almodovar\/\" \/>\n<meta property=\"og:site_name\" content=\"Media Studies\" \/>\n<meta property=\"article:published_time\" content=\"2018-08-20T18:25:39+00:00\" \/>\n<meta name=\"author\" content=\"Joseph Dickson\" \/>\n<meta name=\"twitter:card\" content=\"summary_large_image\" \/>\n<meta name=\"twitter:label1\" content=\"Written by\" \/>\n\t<meta name=\"twitter:data1\" content=\"Joseph Dickson\" \/>\n<script type=\"application\/ld+json\" class=\"yoast-schema-graph\">{\"@context\":\"https:\/\/schema.org\",\"@graph\":[{\"@type\":\"Article\",\"@id\":\"https:\/\/colleges.claremont.edu\/mediastudies\/span-140-sc-the-spanish-transition-through-the-lens-of-pedro-almodovar\/#article\",\"isPartOf\":{\"@id\":\"https:\/\/colleges.claremont.edu\/mediastudies\/span-140-sc-the-spanish-transition-through-the-lens-of-pedro-almodovar\/\"},\"author\":{\"name\":\"Joseph Dickson\",\"@id\":\"https:\/\/colleges.claremont.edu\/mediastudies\/#\/schema\/person\/02ae51158f88b1d130d788a438a6f233\"},\"headline\":\"SPAN 140 SC: The Spanish Transition through the Lens of Pedro Almod\u00f3var\",\"datePublished\":\"2018-08-20T18:25:39+00:00\",\"mainEntityOfPage\":{\"@id\":\"https:\/\/colleges.claremont.edu\/mediastudies\/span-140-sc-the-spanish-transition-through-the-lens-of-pedro-almodovar\/\"},\"wordCount\":70,\"keywords\":[\"Scripps College\"],\"articleSection\":[\"Elective\"],\"inLanguage\":\"en-US\"},{\"@type\":\"WebPage\",\"@id\":\"https:\/\/colleges.claremont.edu\/mediastudies\/span-140-sc-the-spanish-transition-through-the-lens-of-pedro-almodovar\/\",\"url\":\"https:\/\/colleges.claremont.edu\/mediastudies\/span-140-sc-the-spanish-transition-through-the-lens-of-pedro-almodovar\/\",\"name\":\"SPAN 140 SC: The Spanish Transition through the Lens of Pedro Almod\u00f3var - Media Studies\",\"isPartOf\":{\"@id\":\"https:\/\/colleges.claremont.edu\/mediastudies\/#website\"},\"datePublished\":\"2018-08-20T18:25:39+00:00\",\"author\":{\"@id\":\"https:\/\/colleges.claremont.edu\/mediastudies\/#\/schema\/person\/02ae51158f88b1d130d788a438a6f233\"},\"breadcrumb\":{\"@id\":\"https:\/\/colleges.claremont.edu\/mediastudies\/span-140-sc-the-spanish-transition-through-the-lens-of-pedro-almodovar\/#breadcrumb\"},\"inLanguage\":\"en-US\",\"potentialAction\":[{\"@type\":\"ReadAction\",\"target\":[\"https:\/\/colleges.claremont.edu\/mediastudies\/span-140-sc-the-spanish-transition-through-the-lens-of-pedro-almodovar\/\"]}]},{\"@type\":\"BreadcrumbList\",\"@id\":\"https:\/\/colleges.claremont.edu\/mediastudies\/span-140-sc-the-spanish-transition-through-the-lens-of-pedro-almodovar\/#breadcrumb\",\"itemListElement\":[{\"@type\":\"ListItem\",\"position\":1,\"name\":\"Home\",\"item\":\"https:\/\/colleges.claremont.edu\/mediastudies\/\"},{\"@type\":\"ListItem\",\"position\":2,\"name\":\"SPAN 140 SC: The Spanish Transition through the Lens of Pedro Almod\u00f3var\"}]},{\"@type\":\"WebSite\",\"@id\":\"https:\/\/colleges.claremont.edu\/mediastudies\/#website\",\"url\":\"https:\/\/colleges.claremont.edu\/mediastudies\/\",\"name\":\"Media Studies\",\"description\":\"of the Claremont Colleges\",\"potentialAction\":[{\"@type\":\"SearchAction\",\"target\":{\"@type\":\"EntryPoint\",\"urlTemplate\":\"https:\/\/colleges.claremont.edu\/mediastudies\/?s={search_term_string}\"},\"query-input\":{\"@type\":\"PropertyValueSpecification\",\"valueRequired\":true,\"valueName\":\"search_term_string\"}}],\"inLanguage\":\"en-US\"},{\"@type\":\"Person\",\"@id\":\"https:\/\/colleges.claremont.edu\/mediastudies\/#\/schema\/person\/02ae51158f88b1d130d788a438a6f233\",\"name\":\"Joseph Dickson\",\"image\":{\"@type\":\"ImageObject\",\"inLanguage\":\"en-US\",\"@id\":\"https:\/\/secure.gravatar.com\/avatar\/f57981635b1985f27eddc57ac1ae66045b2efff21b88e311c86f1123d5efcfa8?s=96&d=mm&r=g\",\"url\":\"https:\/\/secure.gravatar.com\/avatar\/f57981635b1985f27eddc57ac1ae66045b2efff21b88e311c86f1123d5efcfa8?s=96&d=mm&r=g\",\"contentUrl\":\"https:\/\/secure.gravatar.com\/avatar\/f57981635b1985f27eddc57ac1ae66045b2efff21b88e311c86f1123d5efcfa8?s=96&d=mm&r=g\",\"caption\":\"Joseph Dickson\"},\"url\":\"https:\/\/colleges.claremont.edu\/mediastudies\/author\/josephdpitzer-edu\/\"}]}<\/script>\n<!-- \/ Yoast SEO plugin. -->","yoast_head_json":{"title":"SPAN 140 SC: The Spanish Transition through the Lens of Pedro Almod\u00f3var - Media Studies","robots":{"index":"index","follow":"follow","max-snippet":"max-snippet:-1","max-image-preview":"max-image-preview:large","max-video-preview":"max-video-preview:-1"},"canonical":"https:\/\/colleges.claremont.edu\/mediastudies\/span-140-sc-the-spanish-transition-through-the-lens-of-pedro-almodovar\/","og_locale":"en_US","og_type":"article","og_title":"SPAN 140 SC: The Spanish Transition through the Lens of Pedro Almod\u00f3var - Media Studies","og_description":"Pedro Almod\u00f3var is one of the most recognizable auteur directors in Europe today. This course studies Pedro Almod\u00f3var\u2019s development from his directorial debut to the present, from the \u201cshocking\u201d value of the early films to the award-winning mastery of the later ones. Instructor: C. Sanju\u00e1n-Pastor. Prereqs: SPAN 40 and 101. Course is taught in Spanish. [&hellip;]","og_url":"https:\/\/colleges.claremont.edu\/mediastudies\/span-140-sc-the-spanish-transition-through-the-lens-of-pedro-almodovar\/","og_site_name":"Media Studies","article_published_time":"2018-08-20T18:25:39+00:00","author":"Joseph Dickson","twitter_card":"summary_large_image","twitter_misc":{"Written by":"Joseph Dickson"},"schema":{"@context":"https:\/\/schema.org","@graph":[{"@type":"Article","@id":"https:\/\/colleges.claremont.edu\/mediastudies\/span-140-sc-the-spanish-transition-through-the-lens-of-pedro-almodovar\/#article","isPartOf":{"@id":"https:\/\/colleges.claremont.edu\/mediastudies\/span-140-sc-the-spanish-transition-through-the-lens-of-pedro-almodovar\/"},"author":{"name":"Joseph Dickson","@id":"https:\/\/colleges.claremont.edu\/mediastudies\/#\/schema\/person\/02ae51158f88b1d130d788a438a6f233"},"headline":"SPAN 140 SC: The Spanish Transition through the Lens of Pedro Almod\u00f3var","datePublished":"2018-08-20T18:25:39+00:00","mainEntityOfPage":{"@id":"https:\/\/colleges.claremont.edu\/mediastudies\/span-140-sc-the-spanish-transition-through-the-lens-of-pedro-almodovar\/"},"wordCount":70,"keywords":["Scripps College"],"articleSection":["Elective"],"inLanguage":"en-US"},{"@type":"WebPage","@id":"https:\/\/colleges.claremont.edu\/mediastudies\/span-140-sc-the-spanish-transition-through-the-lens-of-pedro-almodovar\/","url":"https:\/\/colleges.claremont.edu\/mediastudies\/span-140-sc-the-spanish-transition-through-the-lens-of-pedro-almodovar\/","name":"SPAN 140 SC: The Spanish Transition through the Lens of Pedro Almod\u00f3var - Media Studies","isPartOf":{"@id":"https:\/\/colleges.claremont.edu\/mediastudies\/#website"},"datePublished":"2018-08-20T18:25:39+00:00","author":{"@id":"https:\/\/colleges.claremont.edu\/mediastudies\/#\/schema\/person\/02ae51158f88b1d130d788a438a6f233"},"breadcrumb":{"@id":"https:\/\/colleges.claremont.edu\/mediastudies\/span-140-sc-the-spanish-transition-through-the-lens-of-pedro-almodovar\/#breadcrumb"},"inLanguage":"en-US","potentialAction":[{"@type":"ReadAction","target":["https:\/\/colleges.claremont.edu\/mediastudies\/span-140-sc-the-spanish-transition-through-the-lens-of-pedro-almodovar\/"]}]},{"@type":"BreadcrumbList","@id":"https:\/\/colleges.claremont.edu\/mediastudies\/span-140-sc-the-spanish-transition-through-the-lens-of-pedro-almodovar\/#breadcrumb","itemListElement":[{"@type":"ListItem","position":1,"name":"Home","item":"https:\/\/colleges.claremont.edu\/mediastudies\/"},{"@type":"ListItem","position":2,"name":"SPAN 140 SC: The Spanish Transition through the Lens of Pedro Almod\u00f3var"}]},{"@type":"WebSite","@id":"https:\/\/colleges.claremont.edu\/mediastudies\/#website","url":"https:\/\/colleges.claremont.edu\/mediastudies\/","name":"Media Studies","description":"of the Claremont Colleges","potentialAction":[{"@type":"SearchAction","target":{"@type":"EntryPoint","urlTemplate":"https:\/\/colleges.claremont.edu\/mediastudies\/?s={search_term_string}"},"query-input":{"@type":"PropertyValueSpecification","valueRequired":true,"valueName":"search_term_string"}}],"inLanguage":"en-US"},{"@type":"Person","@id":"https:\/\/colleges.claremont.edu\/mediastudies\/#\/schema\/person\/02ae51158f88b1d130d788a438a6f233","name":"Joseph Dickson","image":{"@type":"ImageObject","inLanguage":"en-US","@id":"https:\/\/secure.gravatar.com\/avatar\/f57981635b1985f27eddc57ac1ae66045b2efff21b88e311c86f1123d5efcfa8?s=96&d=mm&r=g","url":"https:\/\/secure.gravatar.com\/avatar\/f57981635b1985f27eddc57ac1ae66045b2efff21b88e311c86f1123d5efcfa8?s=96&d=mm&r=g","contentUrl":"https:\/\/secure.gravatar.com\/avatar\/f57981635b1985f27eddc57ac1ae66045b2efff21b88e311c86f1123d5efcfa8?s=96&d=mm&r=g","caption":"Joseph Dickson"},"url":"https:\/\/colleges.claremont.edu\/mediastudies\/author\/josephdpitzer-edu\/"}]}},"_links":{"self":[{"href":"https:\/\/colleges.claremont.edu\/mediastudies\/wp-json\/wp\/v2\/posts\/769","targetHints":{"allow":["GET"]}}],"collection":[{"href":"https:\/\/colleges.claremont.edu\/mediastudies\/wp-json\/wp\/v2\/posts"}],"about":[{"href":"https:\/\/colleges.claremont.edu\/mediastudies\/wp-json\/wp\/v2\/types\/post"}],"author":[{"embeddable":true,"href":"https:\/\/colleges.claremont.edu\/mediastudies\/wp-json\/wp\/v2\/users\/47"}],"replies":[{"embeddable":true,"href":"https:\/\/colleges.claremont.edu\/mediastudies\/wp-json\/wp\/v2\/comments?post=769"}],"version-history":[{"count":0,"href":"https:\/\/colleges.claremont.edu\/mediastudies\/wp-json\/wp\/v2\/posts\/769\/revisions"}],"wp:attachment":[{"href":"https:\/\/colleges.claremont.edu\/mediastudies\/wp-json\/wp\/v2\/media?parent=769"}],"wp:term":[{"taxonomy":"category","embeddable":true,"href":"https:\/\/colleges.claremont.edu\/mediastudies\/wp-json\/wp\/v2\/categories?post=769"},{"taxonomy":"post_tag","embeddable":true,"href":"https:\/\/colleges.claremont.edu\/mediastudies\/wp-json\/wp\/v2\/tags?post=769"}],"curies":[{"name":"wp","href":"https:\/\/api.w.org\/{rel}","templated":true}]}}